{"id":41720,"date":"2024-08-27T13:52:02","date_gmt":"2024-08-27T16:52:02","guid":{"rendered":"https:\/\/stickel.com.br\/atc\/?p=41720"},"modified":"2026-03-11T17:43:08","modified_gmt":"2026-03-11T20:43:08","slug":"parece-pintura","status":"publish","type":"post","link":"https:\/\/stickel.com.br\/atc\/arte\/41720","title":{"rendered":"parece pintura"},"content":{"rendered":"<p><img loading=\"lazy\" decoding=\"async\" src=\"https:\/\/stickel.com.br\/atc\/uploads\/mema-1.jpg\" alt=\"\" width=\"1131\" height=\"1130\" class=\"size-full wp-image-41721\" srcset=\"https:\/\/stickel.com.br\/atc\/uploads\/mema-1.jpg 1131w, https:\/\/stickel.com.br\/atc\/uploads\/mema-1-150x150.jpg 150w\" sizes=\"(max-width: 1131px) 100vw, 1131px\" \/><\/p>\n<p>Funda\u00e7\u00e3o Stickel convida para a abertura da nova exposi\u00e7\u00e3o do Espa\u00e7o Funda\u00e7\u00e3o Stickel \u2013 PARECE PINTURA, de\u00a0Mema Rio Branco com curadoria de Oswaldo Correa da Costa, no pr\u00f3ximo s\u00e1bado, 31 de agosto. <\/p>\n<p>&#8220;Parece Pintura&#8221; traz uma sele\u00e7\u00e3o cuidadosa das fotos de Mema, artista que h\u00e1 mais de uma d\u00e9cada captura o cotidiano com seu olhar \u00fanico e afetivo. Ordenadas pela luminosidade, as fotografias criam uma narrativa visual, evidenciando seu tema principal, a pr\u00f3pria luz.<\/p>\n<p>\u201cParece Pintura\u201d abre dia 31 de agosto, s\u00e1bado, das 11h \u00e0s 16h.<\/p>\n<p>Em cartaz at\u00e9 28 de setembro.<br \/>\nDe ter\u00e7a a sexta, das 10h \u00e0s 18h. S\u00e1bados das 11h \u00e0s 15h.<br \/>\nEspa\u00e7o Funda\u00e7\u00e3o Stickel. Rua Nova Cidade 195 &#8211; Vila Ol\u00edmpia SP<\/p>\n","protected":false},"excerpt":{"rendered":"<p>Funda\u00e7\u00e3o Stickel convida para a abertura da nova exposi\u00e7\u00e3o do Espa\u00e7o Funda\u00e7\u00e3o Stickel \u2013 PARECE PINTURA, de\u00a0Mema Rio Branco com curadoria de Oswaldo Correa da Costa, no pr\u00f3ximo s\u00e1bado, 31 de agosto. &#8220;Parece Pintura&#8221; traz uma sele\u00e7\u00e3o cuidadosa das fotos de Mema, artista que h\u00e1 mais de uma d\u00e9cada captura o cotidiano com seu olhar [&hellip;]<\/p>\n","protected":false},"author":2,"featured_media":0,"comment_status":"open","ping_status":"open","sticky":false,"template":"","format":"standard","meta":{"_exactmetrics_skip_tracking":false,"_exactmetrics_sitenote_active":false,"_exactmetrics_sitenote_note":"","_exactmetrics_sitenote_category":0,"footnotes":""},"categories":[10,4],"tags":[1747,187,203,1734],"acf_quotes":[],"reactions":{"like":0,"heart":0,"laugh":0,"wow":0,"sad":0,"clap":0,"fire":0},"_links":{"self":[{"href":"https:\/\/stickel.com.br\/atc\/wp-json\/wp\/v2\/posts\/41720"}],"collection":[{"href":"https:\/\/stickel.com.br\/atc\/wp-json\/wp\/v2\/posts"}],"about":[{"href":"https:\/\/stickel.com.br\/atc\/wp-json\/wp\/v2\/types\/post"}],"author":[{"embeddable":true,"href":"https:\/\/stickel.com.br\/atc\/wp-json\/wp\/v2\/users\/2"}],"replies":[{"embeddable":true,"href":"https:\/\/stickel.com.br\/atc\/wp-json\/wp\/v2\/comments?post=41720"}],"version-history":[{"count":1,"href":"https:\/\/stickel.com.br\/atc\/wp-json\/wp\/v2\/posts\/41720\/revisions"}],"predecessor-version":[{"id":41722,"href":"https:\/\/stickel.com.br\/atc\/wp-json\/wp\/v2\/posts\/41720\/revisions\/41722"}],"wp:attachment":[{"href":"https:\/\/stickel.com.br\/atc\/wp-json\/wp\/v2\/media?parent=41720"}],"wp:term":[{"taxonomy":"category","embeddable":true,"href":"https:\/\/stickel.com.br\/atc\/wp-json\/wp\/v2\/categories?post=41720"},{"taxonomy":"post_tag","embeddable":true,"href":"https:\/\/stickel.com.br\/atc\/wp-json\/wp\/v2\/tags?post=41720"}],"curies":[{"name":"wp","href":"https:\/\/api.w.org\/{rel}","templated":true}]}}